{"id":3503,"date":"2022-12-20T05:56:28","date_gmt":"2022-12-20T05:56:28","guid":{"rendered":"https:\/\/sps-suterm.mx\/?p=3503"},"modified":"2022-12-27T06:12:05","modified_gmt":"2022-12-27T06:12:05","slug":"reconocimiento-inai-suterm-transparencia-proactiva-2022","status":"publish","type":"post","link":"https:\/\/sps-suterm.mx\/?p=3503","title":{"rendered":"RECONOCIMIENTO INAI &#8211; SUTERM TRANSPARENCIA PROACTIVA 2022"},"content":{"rendered":"\t\t<div data-elementor-type=\"wp-post\" data-elementor-id=\"3503\" class=\"elementor elementor-3503\">\n\t\t\t\t\t\t<section class=\"elementor-section elementor-top-section elementor-element elementor-element-51e9d8d elementor-section-boxed elementor-section-height-default elementor-section-height-default\" data-id=\"51e9d8d\" data-element_type=\"section\" data-e-type=\"section\">\n\t\t\t\t\t\t<div class=\"elementor-container elementor-column-gap-default\">\n\t\t\t\t\t<div class=\"elementor-column elementor-col-100 elementor-top-column elementor-element elementor-element-b456ad0\" data-id=\"b456ad0\" data-element_type=\"column\" data-e-type=\"column\">\n\t\t\t<div class=\"elementor-widget-wrap elementor-element-populated\">\n\t\t\t\t\t\t<div class=\"elementor-element elementor-element-996f7e7 elementor-invisible elementor-widget elementor-widget-image\" data-id=\"996f7e7\" data-element_type=\"widget\" data-e-type=\"widget\" data-settings=\"{&quot;_animation&quot;:&quot;fadeInLeft&quot;}\" data-widget_type=\"image.default\">\n\t\t\t\t<div class=\"elementor-widget-container\">\n\t\t\t\t\t\t\t\t\t\t\t\t\t\t\t\t<a href=\"https:\/\/sps-suterm.mx\/wp-content\/uploads\/2022\/12\/Transparencia2022SUTERM.jpg\" data-elementor-open-lightbox=\"yes\" data-elementor-lightbox-title=\"Transparencia2022SUTERM\" data-e-action-hash=\"#elementor-action%3Aaction%3Dlightbox%26settings%3DeyJpZCI6MzUwNSwidXJsIjoiaHR0cHM6XC9cL3Nwcy1zdXRlcm0ubXhcL3dwLWNvbnRlbnRcL3VwbG9hZHNcLzIwMjJcLzEyXC9UcmFuc3BhcmVuY2lhMjAyMlNVVEVSTS5qcGcifQ%3D%3D\">\n\t\t\t\t\t\t\t<img fetchpriority=\"high\" decoding=\"async\" width=\"828\" height=\"857\" src=\"https:\/\/sps-suterm.mx\/wp-content\/uploads\/2022\/12\/Transparencia2022SUTERM.jpg\" class=\"elementor-animation-shrink attachment-full size-full wp-image-3505\" alt=\"\" srcset=\"https:\/\/sps-suterm.mx\/wp-content\/uploads\/2022\/12\/Transparencia2022SUTERM.jpg 828w, https:\/\/sps-suterm.mx\/wp-content\/uploads\/2022\/12\/Transparencia2022SUTERM-290x300.jpg 290w, https:\/\/sps-suterm.mx\/wp-content\/uploads\/2022\/12\/Transparencia2022SUTERM-768x795.jpg 768w\" sizes=\"(max-width: 828px) 100vw, 828px\" \/>\t\t\t\t\t\t\t\t<\/a>\n\t\t\t\t\t\t\t\t\t\t\t\t\t\t\t<\/div>\n\t\t\t\t<\/div>\n\t\t\t\t<div class=\"elementor-element elementor-element-f882097 elementor-invisible elementor-widget elementor-widget-text-editor\" data-id=\"f882097\" data-element_type=\"widget\" data-e-type=\"widget\" data-settings=\"{&quot;_animation&quot;:&quot;fadeInLeft&quot;}\" data-widget_type=\"text-editor.default\">\n\t\t\t\t<div class=\"elementor-widget-container\">\n\t\t\t\t\t\t\t\t\t<p>Gracias a la visi\u00f3n de nuestro <strong>Secretario General Sr. V\u00edctor Fuentes del Villar<\/strong>, el <strong>INAI<\/strong> reconoce en el <strong>SUTERM<\/strong> la primera pr\u00e1ctica de <strong>Transparencia Proactiva realizada por un Sindicato en todo M\u00e9xico<\/strong>; es a trav\u00e9s de la <strong>revista<\/strong> <strong>S1NDIKL<\/strong>, hecha por trabajadores para todos los <strong>trabajadores de M\u00e9xico<\/strong> en la cual se resalta el tema de la Transparencia as\u00ed como de diversos temas como son: reformas laborales, contractuales, temas de medio ambiente, equidad de g\u00e9nero.<\/p><p>En el <strong>SUTERM<\/strong> nos sentimos orgullosos de siempre estar innovando en diferentes materias con la participaci\u00f3n activa de los compa\u00f1eros y compa\u00f1eras sutermistas en todos los proyectos y en todas las decisiones que se toman acerca de nuestro gremio.<\/p><p>En un esfuerzo conjunto con el <strong>INAI<\/strong> seguiremos fortaleciendo la <strong>Transparencia<\/strong>, mejorando la calidad y certeza de la informaci\u00f3n para el beneficio de nuestros compa\u00f1eros, compa\u00f1eras y de la sociedad en general.<\/p><p><strong>\u00a1Enhorabuena compa\u00f1eros!<\/strong><\/p><p>#S1NDIKL #SUTERMporMEXICO #SiempreSUTERM #YoSoySUTERM #SUTERMenlaRed<\/p>\t\t\t\t\t\t\t\t<\/div>\n\t\t\t\t<\/div>\n\t\t\t\t\t<\/div>\n\t\t<\/div>\n\t\t\t\t\t<\/div>\n\t\t<\/section>\n\t\t\t\t<\/div>\n\t\t","protected":false},"excerpt":{"rendered":"<p>Gracias a la visi\u00f3n de nuestro Secretario General Sr. V\u00edctor Fuentes del Villar, el INAI reconoce en el SUTERM la primera pr\u00e1ctica de Transparencia Proactiva realizada por un Sindicato en todo M\u00e9xico; es a trav\u00e9s de la revista S1NDIKL, hecha por trabajadores para todos los trabajadores de M\u00e9xico en la cual se resalta el tema de la Transparencia as\u00ed como de diversos temas como son:  reformas laborales, contractuales, temas de medio ambiente, equidad de g\u00e9nero.<\/p>\n","protected":false},"author":2,"featured_media":3510,"comment_status":"closed","ping_status":"closed","sticky":false,"template":"","format":"standard","meta":{"pagelayer_contact_templates":[],"_pagelayer_content":"","_joinchat":[],"footnotes":""},"categories":[21,19,4],"tags":[],"class_list":["post-3503","post","type-post","status-publish","format-standard","has-post-thumbnail","hentry","category-comunicados","category-informacion-laboral","category-noticias"],"_links":{"self":[{"href":"https:\/\/sps-suterm.mx\/index.php?rest_route=\/wp\/v2\/posts\/3503","targetHints":{"allow":["GET"]}}],"collection":[{"href":"https:\/\/sps-suterm.mx\/index.php?rest_route=\/wp\/v2\/posts"}],"about":[{"href":"https:\/\/sps-suterm.mx\/index.php?rest_route=\/wp\/v2\/types\/post"}],"author":[{"embeddable":true,"href":"https:\/\/sps-suterm.mx\/index.php?rest_route=\/wp\/v2\/users\/2"}],"replies":[{"embeddable":true,"href":"https:\/\/sps-suterm.mx\/index.php?rest_route=%2Fwp%2Fv2%2Fcomments&post=3503"}],"version-history":[{"count":6,"href":"https:\/\/sps-suterm.mx\/index.php?rest_route=\/wp\/v2\/posts\/3503\/revisions"}],"predecessor-version":[{"id":3511,"href":"https:\/\/sps-suterm.mx\/index.php?rest_route=\/wp\/v2\/posts\/3503\/revisions\/3511"}],"wp:featuredmedia":[{"embeddable":true,"href":"https:\/\/sps-suterm.mx\/index.php?rest_route=\/wp\/v2\/media\/3510"}],"wp:attachment":[{"href":"https:\/\/sps-suterm.mx\/index.php?rest_route=%2Fwp%2Fv2%2Fmedia&parent=3503"}],"wp:term":[{"taxonomy":"category","embeddable":true,"href":"https:\/\/sps-suterm.mx\/index.php?rest_route=%2Fwp%2Fv2%2Fcategories&post=3503"},{"taxonomy":"post_tag","embeddable":true,"href":"https:\/\/sps-suterm.mx\/index.php?rest_route=%2Fwp%2Fv2%2Ftags&post=3503"}],"curies":[{"name":"wp","href":"https:\/\/api.w.org\/{rel}","templated":true}]}}